{"id":3631,"date":"2017-08-11T08:30:09","date_gmt":"2017-08-11T08:30:09","guid":{"rendered":"http:\/\/www.rolka.cz\/?p=3631"},"modified":"2017-08-16T10:05:26","modified_gmt":"2017-08-16T10:05:26","slug":"prague-pride-neni-pruvodem-deviantu-ma-poslani","status":"publish","type":"post","link":"https:\/\/www.yellobar.com\/blog\/prague-pride-neni-pruvodem-deviantu-ma-poslani\/","title":{"rendered":"Prague Pride nen\u00ed pr\u016fvodem deviant\u016f. M\u00e1 posl\u00e1n\u00ed"},"content":{"rendered":" <p> V\u00a0Praze se ji\u017e tradi\u010dn\u011b kon\u00e1 letos dal\u0161\u00ed ro\u010dn\u00edk festivalu sexu\u00e1ln\u00edch men\u0161in, kter\u00fd pak vrchol\u00ed pr\u016fvodem hrdosti, zvan\u00fdm Prague Pride. <\/p> \n <p> Ka\u017ed\u00fd ro\u010dn\u00edk m\u00e1 sv\u00e9 individu\u00e1ln\u00ed t\u00e9ma. Tento festival je na na\u0161e pom\u011bry ojedin\u011bl\u00fd, origin\u00e1ln\u00ed i s mo\u017en\u00fdm soci\u00e1ln\u00edm p\u0159\u00ednosem, a to zejm\u00e9na v\u00a0pochopen\u00ed a toleranci sexu\u00e1ln\u00edch men\u0161in. L\u00e9ta se o homosexu\u00e1lech nemluvilo, za minul\u00e9ho re\u017eimu to bylo tabu a s\u00a0p\u0159\u00edchodem demokracie ledy pomalu za\u010daly rozt\u00e1vat, ale ne tak, jak by bylo pot\u0159eba. Situaci, kter\u00e1 nyn\u00ed v\u00a0t\u00e9to zemi je ve vztahu k\u00a0homosexu\u00e1l\u016fm, bych nazval pasivn\u00ed tolerance. Z\u00e1jem ve\u0159ejnosti je n\u00edzk\u00fd, a co se t\u00fdk\u00e1 komunity, i v\u00a0n\u00ed je velk\u00fd rozpor. Proto bylo zapot\u0159eb\u00ed spojit \u201etepl\u00e9\u201c hlavy dohromady a zkusit zapojit ve\u0159ejnost. \u010c\u00edm v\u00edce lid\u00ed, t\u00edm v\u011bt\u0161\u00ed porozum\u011bn\u00ed, \u010d\u00edm v\u00edce barev, t\u00edm v\u011bt\u0161\u00ed viditelnost. <\/p> \n <p> Kdy\u017e jsem se z\u00fa\u010dastnil jako pozorovatel prvn\u00ed Pride v\u00a0Praze, p\u0159em\u00fd\u0161lel jsem, pro\u010d ta duhov\u00e1 vlajka. A pak mi to do\u0161lo. Jakmile jsem vid\u011bl v\u0161echny ty lidi kolem sebe, jak jsou r\u016fznorod\u00ed, ale z\u00e1rove\u0148 \u0161\u0165astn\u00ed, jakou pohodu \u0161\u00ed\u0159\u00ed a co je naopak spojuje, ne rozd\u011bluje, bylo mi to jasn\u00e9. \u201eEvery colour of the rainbow\u201c&#8230; ka\u017ed\u00fd jsme jin\u00fd, ale v\u017edy se najde n\u011bco, co n\u00e1s spoj\u00ed dohromady. Proto jsem r\u00e1d, \u017ee se tu na\u0161lo n\u011bkolik schopn\u00fdch dobrovoln\u00edk\u016f a aktivist\u016f, kte\u0159\u00ed se sna\u017e\u00ed bourat m\u00fdty a spojit lidi bez ohledu na jejich sexu\u00e1ln\u00ed orientaci, barvu pleti \u010di postaven\u00ed. Jde tu p\u0159edev\u0161\u00edm o toleranci. Kter\u00fd jin\u00fd festival v\u00a0republice m\u00e1 takov\u00e9 posl\u00e1n\u00ed a potenci\u00e1l? <\/p> \n <p> Prague Pride nen\u00ed \u017e\u00e1dn\u00fd pr\u016fvod deviant\u016f, \u00fachyl\u016f \u010di jin\u00fdch bl\u00e1zn\u016f, co se cht\u011bj\u00ed zviditelnit. Bohu\u017eel se st\u00e1le najde i mezi homosexu\u00e1ly zna\u010dn\u00fd odpor a netolerance v\u016f\u010di lidem z\u00fa\u010dast\u0148uj\u00edc\u00edch se pr\u016fvodu. Jsou to ale lid\u00e9, kte\u0159\u00ed se nikdy \u017e\u00e1dn\u00e9ho pr\u016fvodu sami osobn\u011b nez\u00fa\u010dastnili. V\u011bt\u0161inou jsou ovlivn\u011bn\u00ed medi\u00e1ln\u00ed mas\u00e1\u017e\u00ed sna\u017e\u00edc\u00ed se uk\u00e1zat pouze extr\u00e9m, kter\u00fd je ale vytr\u017een z\u00a0kontextu. Posl\u00e1n\u00ed festivalu je jasn\u00e9, boj za stejn\u00e1 pr\u00e1va, bo\u0159it m\u00fdty, udr\u017eovat tradici a hlavn\u011b tolerance, a to v\u0161e nen\u00e1silnou formou z\u00e1bavy. <\/p> \n <p> Na z\u00e1v\u011br bych je\u0161t\u011b r\u00e1d p\u0159ipomenul den, kter\u00fd je pro celou LGBT komunitu zlomov\u00fdm, hlavn\u011b co se t\u00fdk\u00e1 vzniku prvn\u00ed GAY PRIDE v Americe a boje za pr\u00e1va homosexu\u00e1l\u016f. Stalo se to 28. \u010dervna 1969 v newyorsk\u00e9 \u010dtvrti Greenwich Village. Tento den policie provedla v t\u00e9 dob\u011b b\u011b\u017enou razii nam\u00ed\u0159enou na tamn\u00ed bar Stonewall Inn, kde se sch\u00e1zeli gayov\u00e9, lesby, transsexu\u00e1lov\u00e9, transvestit\u00e9 a dal\u0161\u00ed. Podle policie m\u011blo v\u0161e prob\u011bhnout hladce jako v minulosti. P\u00e1r nejv\u011bt\u0161\u00edch \u201eexot\u016f\u201c m\u011blo b\u00fdt zadr\u017eeno a odvezeno na policejn\u00ed stanici a majitel baru musel zaplatit v\u00fdpaln\u00e9. Tuto noc policie ale tvrd\u011b narazila. Jeden jej\u00ed \u010dlen pozd\u011bji prohl\u00e1sil, \u017ee se je\u0161t\u011b nikdy p\u0159i \u017e\u00e1dn\u00e9m z\u00e1tahu takhle neb\u00e1l. A\u010dkoli \u0161lo o policejn\u00ed akci, kter\u00e1 nebyla neobvykl\u00e1 vzhledem k tomu, \u017ee se jednalo o homosexu\u00e1ly, tak tuto noc bylo v\u0161e jinak. <\/p> \n <p> Poprv\u00e9 v modern\u00ed historii se kone\u010dn\u011b vzedmula nev\u00eddan\u00e1 vlna odporu proti teroru, \u0161ikan\u011b, fyzick\u00e9mu napad\u00e1n\u00ed a homofobii. N\u011bkte\u0159\u00ed \u00fa\u010dastn\u00edci Stonewallsk\u00e9ho nepokoje se nechali sly\u0161et, \u017ee 28. \u010derven byl nejv\u011bt\u0161\u00edm dnem v jejich \u017eivot\u011b. Kone\u010dn\u011b se homosexu\u00e1lov\u00e9 hrd\u011b postavili za sv\u00e1 pr\u00e1va. Odtud pr\u016fvody hrdosti. Proto, kdy\u017e dnes sl\u00fdch\u00e1v\u00e1m, na co m\u016f\u017eeme b\u00fdt hrd\u00ed, tak r\u00e1d zmi\u0148uji Stonewall Inn. Koneckonc\u016f, p\u0159e\u017eili jsme v\u0161echny re\u017eimy a st\u00e1le tu jsme, tak pro\u010d neoslavovat? <\/p> \n <p> <em>Daniel Ross<\/em> <\/p> \n","protected":false},"excerpt":{"rendered":" <p> V\u00a0Praze se ji\u017e tradi\u010dn\u011b kon\u00e1 letos dal\u0161\u00ed ro\u010dn\u00edk festivalu sexu\u00e1ln\u00edch men\u0161in, kter\u00fd pak vrchol\u00ed pr\u016fvodem hrdosti, zvan\u00fdm Prague Pride. Ka\u017ed\u00fd ro\u010dn\u00edk m\u00e1 sv\u00e9 individu\u00e1ln\u00ed t\u00e9ma. Tento festival je na na\u0161e pom\u011bry ojedin\u011bl\u00fd, origin\u00e1ln\u00ed i s mo\u017en\u00fdm soci\u00e1ln\u00edm p\u0159\u00ednosem, a to zejm\u00e9na v\u00a0pochopen\u00ed a toleranci sexu\u00e1ln\u00edch men\u0161in. L\u00e9ta se o homosexu\u00e1lech nemluvilo, za minul\u00e9ho re\u017eimu to &hellip; <\/p> \n","protected":false},"author":24,"featured_media":5907,"comment_status":"closed","ping_status":"closed","sticky":false,"template":"","format":"standard","meta":[],"categories":[87],"tags":[81,62],"table_tags":[],"_links":{"self":[{"href":"https:\/\/www.yellobar.com\/blog\/wp-json\/wp\/v2\/posts\/3631"}],"collection":[{"href":"https:\/\/www.yellobar.com\/blog\/wp-json\/wp\/v2\/posts"}],"about":[{"href":"https:\/\/www.yellobar.com\/blog\/wp-json\/wp\/v2\/types\/post"}],"author":[{"embeddable":true,"href":"https:\/\/www.yellobar.com\/blog\/wp-json\/wp\/v2\/users\/24"}],"replies":[{"embeddable":true,"href":"https:\/\/www.yellobar.com\/blog\/wp-json\/wp\/v2\/comments?post=3631"}],"version-history":[{"count":3,"href":"https:\/\/www.yellobar.com\/blog\/wp-json\/wp\/v2\/posts\/3631\/revisions"}],"predecessor-version":[{"id":5908,"href":"https:\/\/www.yellobar.com\/blog\/wp-json\/wp\/v2\/posts\/3631\/revisions\/5908"}],"wp:featuredmedia":[{"embeddable":true,"href":"https:\/\/www.yellobar.com\/blog\/wp-json\/wp\/v2\/media\/5907"}],"wp:attachment":[{"href":"https:\/\/www.yellobar.com\/blog\/wp-json\/wp\/v2\/media?parent=3631"}],"wp:term":[{"taxonomy":"category","embeddable":true,"href":"https:\/\/www.yellobar.com\/blog\/wp-json\/wp\/v2\/categories?post=3631"},{"taxonomy":"post_tag","embeddable":true,"href":"https:\/\/www.yellobar.com\/blog\/wp-json\/wp\/v2\/tags?post=3631"},{"taxonomy":"table_tags","embeddable":true,"href":"https:\/\/www.yellobar.com\/blog\/wp-json\/wp\/v2\/table_tags?post=3631"}],"curies":[{"name":"wp","href":"https:\/\/api.w.org\/{rel}","templated":true}]}}