{"id":3859,"date":"2015-05-01T17:14:50","date_gmt":"2015-05-01T17:14:50","guid":{"rendered":"http:\/\/www.rolka.cz\/?p=3859"},"modified":"2017-08-11T18:48:14","modified_gmt":"2017-08-11T18:48:14","slug":"prvni-maj-byl-lasky-cas-jak-jste-si-ho-vyfotili","status":"publish","type":"post","link":"https:\/\/www.yellobar.com\/blog\/prvni-maj-byl-lasky-cas-jak-jste-si-ho-vyfotili\/","title":{"rendered":"Prvn\u00ed M\u00e1j &#8211; byl l\u00e1sky \u010das. Jak jste si ho vyfotili?"},"content":{"rendered":"<blockquote> <p> Byl pozdn\u00ed ve\u010der \u2013 prvn\u00ed m\u00e1j \u2013 ve\u010dern\u00ed m\u00e1j \u2013 byl l\u00e1sky \u010das. Hrdli\u010d\u010din zval ku l\u00e1sce hlas, kde borov\u00fd zav\u00e1n\u011bl h\u00e1j. <\/p> <\/blockquote>\n <p> Ur\u010dit\u011b nemus\u00edme p\u0159ipom\u00ednat \u010cechy dob\u0159e zn\u00e1mou\u00a0lyrickoepickou skladbu od Karla Hynka M\u00e1chy. Ta d\u00edvka \u010di \u017eena, kter\u00e1 v p\u00e1tek dne 1. kv\u011btna 2015 nebyla pol\u00edbena pod rozkvetlou t\u0159e\u0161n\u00ed, by m\u011bla uschnout. Ale nebojte se, jsou to jen babsk\u00e9 pov\u00edda\u010dky, kter\u00fdm u\u017e dnes nikdo nev\u011b\u0159\u00ed. P\u0159esto mnoz\u00ed z n\u00e1s i p\u0159es nep\u0159\u00edze\u0148 po\u010das\u00ed nelenili a vyrazili hledat ovocn\u00fd strom, pod kter\u00fdm by si svou l\u00e1sku vyznali. <\/p> \n <p> <strong>1. kv\u011bten je toti\u017e v \u010cesku ofici\u00e1ln\u00edm sv\u00e1tkem l\u00e1sky<\/strong>, zat\u00edmco v anglosask\u00fdch zem\u00edch oslavuj\u00ed Den svat\u00e9ho Valent\u00fdna. <\/p> \n <p> Karel Hynek M\u00e1cha by m\u011bl i dnes\u00a0z n\u00e1s ur\u010dit\u011b velkou radost. N\u00ed\u017ee uveden\u00e9 fotky to bezpochyby dokazuj\u00ed. <\/p> \n<blockquote class=\"instagram-media\" style=\"background: #FFF; border: 0; border-radius: 3px; box-shadow: 0 0 1px 0 rgba(0,0,0,0.5),0 1px 10px 0 rgba(0,0,0,0.15); margin: 1px; max-width: 658px; padding: 0; width: calc(100% - 2px);\" data-instgrm-version=\"4\">\n<div style=\"padding: 8px;\">\n<div style=\"background: #F8F8F8; line-height: 0; margin-top: 40px; padding: 50% 0; text-align: center; width: 100%;\"><\/div>\n<p style=\"color: #c9c8cd; font-family: Arial,sans-serif; font-size: 14px; line-height: 17px; margin-bottom: 0; margin-top: 8px; overflow: hidden; padding: 8px 0 7px; text-align: center; text-overflow: ellipsis; white-space: nowrap;\"><a style=\"color: #c9c8cd; font-family: Arial,sans-serif; font-size: 14px; font-style: normal; font-weight: normal; line-height: 17px; text-decoration: none;\" href=\"https:\/\/instagram.com\/p\/2JGxOUgqhO\/\" target=\"_top\">Fotka zve\u0159ejn\u011bn\u00e1 u\u017eivatelem Tessie (@theressh)<\/a>, <time style=\"font-family: Arial,sans-serif; font-size: 14px; line-height: 17px;\" datetime=\"2015-05-01T14:14:37+00:00\">Kv\u011b 1, 2015 v 7:14 PDT<\/time> <\/p> \n<\/div>\n<\/blockquote>\n <p> <script src=\"\/\/platform.instagram.com\/en_US\/embeds.js\" async=\"\" defer=\"defer\"><\/script> <\/p> \n<blockquote class=\"instagram-media\" style=\"background: #FFF; border: 0; border-radius: 3px; box-shadow: 0 0 1px 0 rgba(0,0,0,0.5),0 1px 10px 0 rgba(0,0,0,0.15); margin: 1px; max-width: 658px; padding: 0; width: calc(100% - 2px);\" data-instgrm-version=\"4\">\n<div style=\"padding: 8px;\">\n<div style=\"background: #F8F8F8; line-height: 0; margin-top: 40px; padding: 50% 0; text-align: center; width: 100%;\"><\/div>\n <p> <a style=\"color: #c9c8cd; font-family: Arial,sans-serif; font-size: 14px; font-style: normal; font-weight: normal; line-height: 17px; text-decoration: none;\" href=\"https:\/\/instagram.com\/p\/2JFeBitwO0\/\" target=\"_top\">Fotka zve\u0159ejn\u011bn\u00e1 u\u017eivatelem Zdravim v\u0161echny :-* (@kaciibrecii)<\/a>, <time style=\"font-family: Arial,sans-serif; font-size: 14px; line-height: 17px;\" datetime=\"2015-05-01T14:03:15+00:00\">Kv\u011b 1, 2015 v 7:03 PDT<\/time>\n<\/div>\n<\/blockquote>\n <p> <script src=\"\/\/platform.instagram.com\/en_US\/embeds.js\" async=\"\" defer=\"defer\"><\/script> <\/p> \n<blockquote class=\"instagram-media\" style=\"background: #FFF; border: 0; border-radius: 3px; box-shadow: 0 0 1px 0 rgba(0,0,0,0.5),0 1px 10px 0 rgba(0,0,0,0.15); margin: 1px; max-width: 658px; padding: 0; width: calc(100% - 2px);\" data-instgrm-version=\"4\">\n<div style=\"padding: 8px;\">\n<div style=\"background: #F8F8F8; line-height: 0; margin-top: 40px; padding: 50% 0; text-align: center; width: 100%;\"><\/div>\n<p style=\"color: #c9c8cd; font-family: Arial,sans-serif; font-size: 14px; line-height: 17px; margin-bottom: 0; margin-top: 8px; overflow: hidden; padding: 8px 0 7px; text-align: center; text-overflow: ellipsis; white-space: nowrap;\"><a style=\"color: #c9c8cd; font-family: Arial,sans-serif; font-size: 14px; font-style: normal; font-weight: normal; line-height: 17px; text-decoration: none;\" href=\"https:\/\/instagram.com\/p\/2JFdUlNbIY\/\" target=\"_top\">Fotka zve\u0159ejn\u011bn\u00e1 u\u017eivatelem Dominika (@domcacernohorska)<\/a>, <time style=\"font-family: Arial,sans-serif; font-size: 14px; line-height: 17px;\" datetime=\"2015-05-01T14:03:10+00:00\">Kv\u011b 1, 2015 v 7:03 PDT<\/time> <\/p> \n<\/div>\n<\/blockquote>\n <p> <script src=\"\/\/platform.instagram.com\/en_US\/embeds.js\" async=\"\" defer=\"defer\"><\/script> <\/p> \n<blockquote class=\"instagram-media\" style=\"background: #FFF; border: 0; border-radius: 3px; box-shadow: 0 0 1px 0 rgba(0,0,0,0.5),0 1px 10px 0 rgba(0,0,0,0.15); margin: 1px; max-width: 658px; padding: 0; width: calc(100% - 2px);\" data-instgrm-version=\"4\">\n<div style=\"padding: 8px;\">\n<div style=\"background: #F8F8F8; line-height: 0; margin-top: 40px; padding: 50% 0; text-align: center; width: 100%;\"><\/div>\n <p> <a style=\"color: #c9c8cd; font-family: Arial,sans-serif; font-size: 14px; font-style: normal; font-weight: normal; line-height: 17px; text-decoration: none;\" href=\"https:\/\/instagram.com\/p\/2JBJj9Gr8Z\/\" target=\"_top\">Fotka zve\u0159ejn\u011bn\u00e1 u\u017eivatelem @smutnapavla<\/a>, <time style=\"font-family: Arial,sans-serif; font-size: 14px; line-height: 17px;\" datetime=\"2015-05-01T13:25:31+00:00\">Kv\u011b 1, 2015 v 6:25 PDT<\/time>\n<\/div>\n<\/blockquote>\n <p> <script src=\"\/\/platform.instagram.com\/en_US\/embeds.js\" async=\"\" defer=\"defer\"><\/script> <\/p> \n<blockquote class=\"instagram-media\" style=\"background: #FFF; border: 0; border-radius: 3px; box-shadow: 0 0 1px 0 rgba(0,0,0,0.5),0 1px 10px 0 rgba(0,0,0,0.15); margin: 1px; max-width: 658px; padding: 0; width: calc(100% - 2px);\" data-instgrm-version=\"4\">\n<div style=\"padding: 8px;\">\n<div style=\"background: #F8F8F8; line-height: 0; margin-top: 40px; padding: 50% 0; text-align: center; width: 100%;\"><\/div>\n<p style=\"color: #c9c8cd; font-family: Arial,sans-serif; font-size: 14px; line-height: 17px; margin-bottom: 0; margin-top: 8px; overflow: hidden; padding: 8px 0 7px; text-align: center; text-overflow: ellipsis; white-space: nowrap;\"><a style=\"color: #c9c8cd; font-family: Arial,sans-serif; font-size: 14px; font-style: normal; font-weight: normal; line-height: 17px; text-decoration: none;\" href=\"https:\/\/instagram.com\/p\/2JAx0SFzXi\/\" target=\"_top\">Fotka zve\u0159ejn\u011bn\u00e1 u\u017eivatelem Boutique Fashion Island (@fashionislandeurope)<\/a>, <time style=\"font-family: Arial,sans-serif; font-size: 14px; line-height: 17px;\" datetime=\"2015-05-01T13:22:16+00:00\">Kv\u011b 1, 2015 v 6:22 PDT<\/time> <\/p> \n<\/div>\n<\/blockquote>\n <p> <script src=\"\/\/platform.instagram.com\/en_US\/embeds.js\" async=\"\" defer=\"defer\"><\/script> <\/p> \n<blockquote class=\"instagram-media\" style=\"background: #FFF; border: 0; border-radius: 3px; box-shadow: 0 0 1px 0 rgba(0,0,0,0.5),0 1px 10px 0 rgba(0,0,0,0.15); margin: 1px; max-width: 658px; padding: 0; width: calc(100% - 2px);\" data-instgrm-version=\"4\">\n<div style=\"padding: 8px;\">\n<div style=\"background: #F8F8F8; line-height: 0; margin-top: 40px; padding: 50% 0; text-align: center; width: 100%;\"><\/div>\n <p> <a style=\"color: #c9c8cd; font-family: Arial,sans-serif; font-size: 14px; font-style: normal; font-weight: normal; line-height: 17px; text-decoration: none;\" href=\"https:\/\/instagram.com\/p\/2I7pj_y4Ll\/\" target=\"_top\">Fotka zve\u0159ejn\u011bn\u00e1 u\u017eivatelem Krzysztof Ksi\u0105\u017cek (@krzysieniek)<\/a>, <time style=\"font-family: Arial,sans-serif; font-size: 14px; line-height: 17px;\" datetime=\"2015-05-01T12:37:27+00:00\">Kv\u011b 1, 2015 v 5:37 PDT<\/time>\n<\/div>\n<\/blockquote>\n <p> <script src=\"\/\/platform.instagram.com\/en_US\/embeds.js\" async=\"\" defer=\"defer\"><\/script> <\/p> \n<blockquote class=\"instagram-media\" style=\"background: #FFF; border: 0; border-radius: 3px; box-shadow: 0 0 1px 0 rgba(0,0,0,0.5),0 1px 10px 0 rgba(0,0,0,0.15); margin: 1px; max-width: 658px; padding: 0; width: calc(100% - 2px);\" data-instgrm-version=\"4\">\n<div style=\"padding: 8px;\">\n<div style=\"background: #F8F8F8; line-height: 0; margin-top: 40px; padding: 50% 0; text-align: center; width: 100%;\"><\/div>\n<p style=\"color: #c9c8cd; font-family: Arial,sans-serif; font-size: 14px; line-height: 17px; margin-bottom: 0; margin-top: 8px; overflow: hidden; padding: 8px 0 7px; text-align: center; text-overflow: ellipsis; white-space: nowrap;\"><a style=\"color: #c9c8cd; font-family: Arial,sans-serif; font-size: 14px; font-style: normal; font-weight: normal; line-height: 17px; text-decoration: none;\" href=\"https:\/\/instagram.com\/p\/2I5g98G9Ws\/\" target=\"_top\">Fotka zve\u0159ejn\u011bn\u00e1 u\u017eivatelem Silvie \u0160ustrov\u00e1 (@silvie.sustrova)<\/a>, <time style=\"font-family: Arial,sans-serif; font-size: 14px; line-height: 17px;\" datetime=\"2015-05-01T12:18:48+00:00\">Kv\u011b 1, 2015 v 5:18 PDT<\/time> <\/p> \n<\/div>\n<\/blockquote>\n <p> <script src=\"\/\/platform.instagram.com\/en_US\/embeds.js\" async=\"\" defer=\"defer\"><\/script> <\/p> \n<blockquote class=\"instagram-media\" style=\"background: #FFF; border: 0; border-radius: 3px; box-shadow: 0 0 1px 0 rgba(0,0,0,0.5),0 1px 10px 0 rgba(0,0,0,0.15); margin: 1px; max-width: 658px; padding: 0; width: calc(100% - 2px);\" data-instgrm-version=\"4\">\n<div style=\"padding: 8px;\">\n<div style=\"background: #F8F8F8; line-height: 0; margin-top: 40px; padding: 50% 0; text-align: center; width: 100%;\"><\/div>\n <p> <a style=\"color: #c9c8cd; font-family: Arial,sans-serif; font-size: 14px; font-style: normal; font-weight: normal; line-height: 17px; text-decoration: none;\" href=\"https:\/\/instagram.com\/p\/2I4JIsy6Mg\/\" target=\"_top\">Fotka zve\u0159ejn\u011bn\u00e1 u\u017eivatelem Anet J\u00e1rov\u00e1 (@aneta.jarova)<\/a>, <time style=\"font-family: Arial,sans-serif; font-size: 14px; line-height: 17px;\" datetime=\"2015-05-01T12:06:49+00:00\">Kv\u011b 1, 2015 v 5:06 PDT<\/time>\n<\/div>\n<\/blockquote>\n <p> <script src=\"\/\/platform.instagram.com\/en_US\/embeds.js\" async=\"\" defer=\"defer\"><\/script> <\/p> \n<blockquote class=\"instagram-media\" style=\"background: #FFF; border: 0; border-radius: 3px; box-shadow: 0 0 1px 0 rgba(0,0,0,0.5),0 1px 10px 0 rgba(0,0,0,0.15); margin: 1px; max-width: 658px; padding: 0; width: calc(100% - 2px);\" data-instgrm-version=\"4\">\n<div style=\"padding: 8px;\">\n<div style=\"background: #F8F8F8; line-height: 0; margin-top: 40px; padding: 50% 0; text-align: center; width: 100%;\"><\/div>\n<p style=\"color: #c9c8cd; font-family: Arial,sans-serif; font-size: 14px; line-height: 17px; margin-bottom: 0; margin-top: 8px; overflow: hidden; padding: 8px 0 7px; text-align: center; text-overflow: ellipsis; white-space: nowrap;\"><a style=\"color: #c9c8cd; font-family: Arial,sans-serif; font-size: 14px; font-style: normal; font-weight: normal; line-height: 17px; text-decoration: none;\" href=\"https:\/\/instagram.com\/p\/2I11n7Arvq\/\" target=\"_top\">Fotka zve\u0159ejn\u011bn\u00e1 u\u017eivatelem 18 years old\u270cI like (@kajule33)<\/a>, <time style=\"font-family: Arial,sans-serif; font-size: 14px; line-height: 17px;\" datetime=\"2015-05-01T11:46:40+00:00\">Kv\u011b 1, 2015 v 4:46 PDT<\/time> <\/p> \n<\/div>\n<\/blockquote>\n <p> <script src=\"\/\/platform.instagram.com\/en_US\/embeds.js\" async=\"\" defer=\"defer\"><\/script> <\/p> \n<blockquote class=\"instagram-media\" style=\"background: #FFF; border: 0; border-radius: 3px; box-shadow: 0 0 1px 0 rgba(0,0,0,0.5),0 1px 10px 0 rgba(0,0,0,0.15); margin: 1px; max-width: 658px; padding: 0; width: calc(100% - 2px);\" data-instgrm-version=\"4\">\n<div style=\"padding: 8px;\">\n<div style=\"background: #F8F8F8; line-height: 0; margin-top: 40px; padding: 50% 0; text-align: center; width: 100%;\"><\/div>\n <p> <a style=\"color: #c9c8cd; font-family: Arial,sans-serif; font-size: 14px; font-style: normal; font-weight: normal; line-height: 17px; text-decoration: none;\" href=\"https:\/\/instagram.com\/p\/2I0yJsTJUC\/\" target=\"_top\">Fotka zve\u0159ejn\u011bn\u00e1 u\u017eivatelem Adka (@tomkovaadka)<\/a>, <time style=\"font-family: Arial,sans-serif; font-size: 14px; line-height: 17px;\" datetime=\"2015-05-01T11:37:27+00:00\">Kv\u011b 1, 2015 v 4:37 PDT<\/time>\n<\/div>\n<\/blockquote>\n <p> <script src=\"\/\/platform.instagram.com\/en_US\/embeds.js\" async=\"\" defer=\"defer\"><\/script> <\/p> \n<blockquote class=\"instagram-media\" style=\"background: #FFF; border: 0; border-radius: 3px; box-shadow: 0 0 1px 0 rgba(0,0,0,0.5),0 1px 10px 0 rgba(0,0,0,0.15); margin: 1px; max-width: 658px; padding: 0; width: calc(100% - 2px);\" data-instgrm-version=\"4\">\n<div style=\"padding: 8px;\">\n<div style=\"background: #F8F8F8; line-height: 0; margin-top: 40px; padding: 50% 0; text-align: center; width: 100%;\"><\/div>\n<p style=\"color: #c9c8cd; font-family: Arial,sans-serif; font-size: 14px; line-height: 17px; margin-bottom: 0; margin-top: 8px; overflow: hidden; padding: 8px 0 7px; text-align: center; text-overflow: ellipsis; white-space: nowrap;\"><a style=\"color: #c9c8cd; font-family: Arial,sans-serif; font-size: 14px; font-style: normal; font-weight: normal; line-height: 17px; text-decoration: none;\" href=\"https:\/\/instagram.com\/p\/2Iz5JyD1cb\/\" target=\"_top\">Fotka zve\u0159ejn\u011bn\u00e1 u\u017eivatelem Terka Michalov\u00e1 (@terrymichalova)<\/a>, <time style=\"font-family: Arial,sans-serif; font-size: 14px; line-height: 17px;\" datetime=\"2015-05-01T11:29:41+00:00\">Kv\u011b 1, 2015 v 4:29 PDT<\/time> <\/p> \n<\/div>\n<\/blockquote>\n <p> <script src=\"\/\/platform.instagram.com\/en_US\/embeds.js\" async=\"\" defer=\"defer\"><\/script> <\/p> \n<blockquote class=\"instagram-media\" style=\"background: #FFF; border: 0; border-radius: 3px; box-shadow: 0 0 1px 0 rgba(0,0,0,0.5),0 1px 10px 0 rgba(0,0,0,0.15); margin: 1px; max-width: 658px; padding: 0; width: calc(100% - 2px);\" data-instgrm-version=\"4\">\n<div style=\"padding: 8px;\">\n<div style=\"background: #F8F8F8; line-height: 0; margin-top: 40px; padding: 50% 0; text-align: center; width: 100%;\"><\/div>\n <p> <a style=\"color: #c9c8cd; font-family: Arial,sans-serif; font-size: 14px; font-style: normal; font-weight: normal; line-height: 17px; text-decoration: none;\" href=\"https:\/\/instagram.com\/p\/2JHu0fHhCu\/\" target=\"_top\">Fotka zve\u0159ejn\u011bn\u00e1 u\u017eivatelem Suzan Hejdukov\u00e1 (@valdacvalda)<\/a>, <time style=\"font-family: Arial,sans-serif; font-size: 14px; line-height: 17px;\" datetime=\"2015-05-01T14:23:02+00:00\">Kv\u011b 1, 2015 v 7:23 PDT<\/time>\n<\/div>\n<\/blockquote>\n <p> <script src=\"\/\/platform.instagram.com\/en_US\/embeds.js\" async=\"\" defer=\"defer\"><\/script> <\/p> \n<blockquote class=\"instagram-media\" style=\"background: #FFF; border: 0; border-radius: 3px; box-shadow: 0 0 1px 0 rgba(0,0,0,0.5),0 1px 10px 0 rgba(0,0,0,0.15); margin: 1px; max-width: 658px; padding: 0; width: calc(100% - 2px);\" data-instgrm-version=\"4\">\n<div style=\"padding: 8px;\">\n<div style=\"background: #F8F8F8; line-height: 0; margin-top: 40px; padding: 50% 0; text-align: center; width: 100%;\"><\/div>\n<p style=\"color: #c9c8cd; font-family: Arial,sans-serif; font-size: 14px; line-height: 17px; margin-bottom: 0; margin-top: 8px; overflow: hidden; padding: 8px 0 7px; text-align: center; text-overflow: ellipsis; white-space: nowrap;\"><a style=\"color: #c9c8cd; font-family: Arial,sans-serif; font-size: 14px; font-style: normal; font-weight: normal; line-height: 17px; text-decoration: none;\" href=\"https:\/\/instagram.com\/p\/2JJUKlvEXj\/\" target=\"_top\">Fotka zve\u0159ejn\u011bn\u00e1 u\u017eivatelem Mark\u00e9t (@market.jirku)<\/a>, <time style=\"font-family: Arial,sans-serif; font-size: 14px; line-height: 17px;\" datetime=\"2015-05-01T14:36:52+00:00\">Kv\u011b 1, 2015 v 7:36 PDT<\/time> <\/p> \n<\/div>\n<\/blockquote>\n <p> <script src=\"\/\/platform.instagram.com\/en_US\/embeds.js\" async=\"\" defer=\"defer\"><\/script> <\/p> \n","protected":false},"excerpt":{"rendered":" <p> Byl pozdn\u00ed ve\u010der \u2013 prvn\u00ed m\u00e1j \u2013 ve\u010dern\u00ed m\u00e1j \u2013 byl l\u00e1sky \u010das. Hrdli\u010d\u010din zval ku l\u00e1sce hlas, kde borov\u00fd zav\u00e1n\u011bl h\u00e1j. Ur\u010dit\u011b nemus\u00edme p\u0159ipom\u00ednat \u010cechy dob\u0159e zn\u00e1mou\u00a0lyrickoepickou skladbu od Karla Hynka M\u00e1chy. Ta d\u00edvka \u010di \u017eena, kter\u00e1 v p\u00e1tek dne 1. kv\u011btna 2015 nebyla pol\u00edbena pod rozkvetlou t\u0159e\u0161n\u00ed, by m\u011bla uschnout. Ale nebojte se, &hellip; <\/p> \n","protected":false},"author":24,"featured_media":3979,"comment_status":"closed","ping_status":"closed","sticky":false,"template":"","format":"standard","meta":[],"categories":[87],"tags":[62,78],"table_tags":[],"_links":{"self":[{"href":"https:\/\/www.yellobar.com\/blog\/wp-json\/wp\/v2\/posts\/3859"}],"collection":[{"href":"https:\/\/www.yellobar.com\/blog\/wp-json\/wp\/v2\/posts"}],"about":[{"href":"https:\/\/www.yellobar.com\/blog\/wp-json\/wp\/v2\/types\/post"}],"author":[{"embeddable":true,"href":"https:\/\/www.yellobar.com\/blog\/wp-json\/wp\/v2\/users\/24"}],"replies":[{"embeddable":true,"href":"https:\/\/www.yellobar.com\/blog\/wp-json\/wp\/v2\/comments?post=3859"}],"version-history":[{"count":1,"href":"https:\/\/www.yellobar.com\/blog\/wp-json\/wp\/v2\/posts\/3859\/revisions"}],"predecessor-version":[{"id":5797,"href":"https:\/\/www.yellobar.com\/blog\/wp-json\/wp\/v2\/posts\/3859\/revisions\/5797"}],"wp:featuredmedia":[{"embeddable":true,"href":"https:\/\/www.yellobar.com\/blog\/wp-json\/wp\/v2\/media\/3979"}],"wp:attachment":[{"href":"https:\/\/www.yellobar.com\/blog\/wp-json\/wp\/v2\/media?parent=3859"}],"wp:term":[{"taxonomy":"category","embeddable":true,"href":"https:\/\/www.yellobar.com\/blog\/wp-json\/wp\/v2\/categories?post=3859"},{"taxonomy":"post_tag","embeddable":true,"href":"https:\/\/www.yellobar.com\/blog\/wp-json\/wp\/v2\/tags?post=3859"},{"taxonomy":"table_tags","embeddable":true,"href":"https:\/\/www.yellobar.com\/blog\/wp-json\/wp\/v2\/table_tags?post=3859"}],"curies":[{"name":"wp","href":"https:\/\/api.w.org\/{rel}","templated":true}]}}