{"id":6135,"date":"2018-06-19T14:35:10","date_gmt":"2018-06-19T14:35:10","guid":{"rendered":"https:\/\/www.yellobar.com\/blog\/?p=6135"},"modified":"2018-06-19T14:39:08","modified_gmt":"2018-06-19T14:39:08","slug":"z-more-rovnou-do-spolecnosti-s-jakymi-ucesy-v-lete-zabodujete","status":"publish","type":"post","link":"https:\/\/www.yellobar.com\/blog\/z-more-rovnou-do-spolecnosti-s-jakymi-ucesy-v-lete-zabodujete\/","title":{"rendered":"Z mo\u0159e rovnou do spole\u010dnosti:\u00a0s jak\u00fdmi \u00fa\u010desy v l\u00e9t\u011b zabodujete?\u00a0"},"content":{"rendered":"<p class=\"zw-paragraph\" data-textformat=\"{&quot;ff&quot;:&quot;times new roman,liberation serif,serif&quot;,&quot;fw&quot;:&quot;bold&quot;,&quot;size&quot;:12}\">Asi m\u00e1lokdo by se t\u011b\u0161il na nadch\u00e1zej\u00edc\u00ed letn\u00ed m\u011bs\u00edce pouze z d\u016fvodu nov\u011b p\u0159\u00edchoz\u00edch vlasov\u00fdch trend\u016f, navzdory tomu jsou i tac\u00ed, kte\u0159\u00ed si bez novinek p\u0159ehl\u00eddkov\u00fdch mol neum\u00ed \u017e\u00e1dn\u00e9 ro\u010dn\u00ed obdob\u00ed p\u0159edstavit. A\u0165 u\u017e mezi m\u00f3dn\u00ed nad\u0161ence spad\u00e1te, \u010di v\u00e1s tento pr\u016fmysl nech\u00e1v\u00e1 zcela chladn\u00fdmi, nechte se\u00a0p\u0159eci jen\u00a0pohltit v\u016fn\u00ed l\u00e9ta a inspirujte se \u00fa\u010desy pln\u00fdmi slunce! <\/p> \n<p class=\"zw-paragraph\" data-textformat=\"{&quot;ff&quot;:&quot;times new roman,liberation serif,serif&quot;,&quot;fw&quot;:&quot;bold&quot;,&quot;size&quot;:12}\">Ka\u017edoro\u010dn\u00ed klasika <\/p> \n<p class=\"zw-paragraph\" data-textformat=\"{&quot;ff&quot;:&quot;times new roman,liberation serif,serif&quot;,&quot;size&quot;:12}\">Jako prvn\u00ed trend se nab\u00edz\u00ed\u00a0nesmrteln\u00e1 klasika v podob\u011b mo\u0159sk\u00fdch vln,\u00a0kter\u00e1 nebude v reperto\u00e1ru letn\u00edch \u00fa\u010des\u016f\u00a0chyb\u011bt ani letos. Chyst\u00e1te-li se letos na dovolenou k mo\u0159i, pak m\u00e1te o tento look postar\u00e1no \u2013 mo\u0159sk\u00e1 voda, intenzivn\u00ed slunce a tepl\u00fd vzduch s p\u0159\u00edm\u011bs\u00ed soli vykouzl\u00ed p\u0159irozen\u00e9 kudrny za v\u00e1s! Jste-li ov\u0161em majitelkou rovn\u00fdch vlas\u016f, na kter\u00e9 si b\u011b\u017en\u011b ani kulma nep\u0159ijde, pak\u00a0se\u00a0budete muset do hry o vlny zapojit mnohem intenzivn\u011bji. Nejlep\u0161\u00edm \u0159e\u0161en\u00edm je nechat vlasy zapleten\u00e9 do v\u00edce cop\u00e1nk\u016f a rozpustit je a\u017e po celodenn\u00edm koup\u00e1n\u00ed v mo\u0159i. \u201eTento trend s sebou v\u0161ak nese i riziko nadm\u011brn\u00e9mu opot\u0159eben\u00ed, jsou-li mu vlasy vystavov\u00e1ny na p\u0159\u00edli\u0161 dlouhou dobu. I v p\u0159\u00edpad\u011b t\u00fddenn\u00ed dovolen\u00e9 v p\u0159\u00edmo\u0159sk\u00e9 oblasti doporu\u010duji pravideln\u011b o\u0161et\u0159ovat vlasy hydrata\u010dn\u00edm \u0161amponem a kondicion\u00e9rem a\u00a0ke standardn\u00ed p\u00e9\u010di nav\u00edc za\u0159adit 2x t\u00fddn\u011b regenera\u010dn\u00ed z\u00e1baly,\u201c rad\u00ed odbornice na vlasovou p\u00e9\u010di Renata\u00a0Gackov\u00e1 z distributorsk\u00e9 spole\u010dnosti kade\u0159nick\u00fdch pot\u0159eb PULS Praha. <\/p> \n<p class=\"zw-paragraph\" data-textformat=\"{&quot;ff&quot;:&quot;times new roman,liberation serif,serif&quot;,&quot;fw&quot;:&quot;bold&quot;,&quot;size&quot;:12}\">S mokrou hlavou klidn\u011b i na gala <\/p> \n<p class=\"zw-paragraph\" data-textformat=\"{&quot;ff&quot;:&quot;times new roman,liberation serif,serif&quot;,&quot;size&quot;:12}\">P\u0159ed deseti lety by se n\u00e1m mo\u017en\u00e1 tato p\u0159edstava zd\u00e1la p\u0159inejmen\u0161\u00edm zvl\u00e1\u0161tn\u00ed, v dob\u011b \u201ewet look\u016f\u201c neboli mokr\u00e9ho efektu u\u017e nad t\u00edm m\u00e1lokdo pozastav\u00ed. Pravdou toti\u017e je, \u017ee ul\u00edznut\u00fd leskl\u00fd \u00fa\u010des, kter\u00fd bud\u00ed dojem mokr\u00fdch vlas\u016f je ji\u017e po notnou \u0159\u00e1dku let trendy b\u011bhem cel\u00e9ho roku, tak pro\u010d toho nevyu\u017e\u00edt pr\u00e1v\u011b v l\u00e9t\u011b, kdy nav\u00edc mokrou hlavou p\u0159edejdeme p\u0159\u00edpadn\u00e9mu \u00fapalu. Abyste v\u0161ak nemuseli \u00fa\u010des slo\u017eit\u011b vytv\u00e1\u0159et za pomoc\u00ed\u00a0tu\u017eidel, lak\u016f a\u00a0modelovac\u00edch past, nechte op\u011bt p\u016fsobit\u00a0p\u0159\u00edmo\u0159sk\u00e9 klima. Po koup\u00e1n\u00ed v mo\u0159i vlasy roz\u010de\u0161te a vytvo\u0159te libovoln\u00fd \u00fa\u010des \u2013 vysok\u00fd cul\u00edk \u010di n\u00edzk\u00fd bob, z\u00e1kladem je v\u0161ak p\u0159itisknout vlasy co nejv\u00edce k hlav\u011b. Slan\u00e1 voda bude\u00a0p\u0159itom\u00a0p\u016fsobit jako tu\u017eidlo a udr\u017e\u00ed tak vlasy\u00a0hezky pohromad\u011b, pokud nav\u00edc \u00fa\u010des p\u0159i\u017eiv\u00edte trochou vlasov\u00e9ho gelu na vodn\u00ed b\u00e1zi, budete se z v\u00fdsledn\u00e9ho efektu moci t\u011b\u0161it je\u0161t\u011b o n\u011bco d\u00e9le! <\/p> \n<p class=\"zw-paragraph\" data-textformat=\"{&quot;ff&quot;:&quot;times new roman,liberation serif,serif&quot;,&quot;fw&quot;:&quot;bold&quot;,&quot;size&quot;:12}\">Hrajte v\u0161emi barvami! <\/p> \n <p> Pokud se domn\u00edv\u00e1te, \u017ee barven\u00ed vlas\u016f je v l\u00e9t\u011b zbyte\u010dn\u00e9, pak jste na omylu. Je sice pravda, \u017ee barevn\u00fd odst\u00edn je v l\u00e9t\u011b vystavov\u00e1n daleko v\u00edce ne\u017e\u00e1douc\u00edm vliv\u016fm, kter\u00e9 nep\u0159\u00edzniv\u011b ovliv\u0148uj\u00ed jeho sytost a v\u00fddr\u017e,\u00a0spr\u00e1vn\u00e1 vlasov\u00e1 p\u00e9\u010de si v\u0161ak dok\u00e1\u017ee s takov\u00fdmi vlivy poradit. \u201ePokud si barv\u00edte vlasy pravideln\u011b, nemus\u00ed pro v\u00e1s l\u00e9to p\u0159edstavovat \u017e\u00e1dnou v\u00fdjimku. Vlivem slune\u010dn\u00edch paprsk\u016f, tepl\u00e9ho v\u011btru, slan\u00e9 vody a nechr\u00e1n\u011bn\u00e9 poko\u017eky hlavy jsou sice vlasy vystaveny mnohem v\u011bt\u0161\u00ed z\u00e1t\u011b\u017ei ne\u017e ve zbyl\u00e9m ro\u010dn\u00edm obdob\u00ed, pokud v\u0161ak pos\u00edl\u00edte sv\u016fj kosmetick\u00fd arzen\u00e1l o kvalitn\u00ed vlasovou kosmetiku pro barven\u00e9 vlasy a pe\u010duj\u00edc\u00ed produkty,\u00a0jak\u00fdm je nap\u0159\u00edklad vy\u017eivuj\u00edc\u00ed ml\u00e9ko\u00a0Eslabondexx\u00a0Multi-Target\u00a0Milk od vlasov\u00e9 kosmetiky\u00a0Nouvelle, pak si m\u016f\u017eete b\u00fdt jisti, \u017ee o svou\u00a0intenzivn\u00ed\u00a0barvu nep\u0159ijdete ani po m\u011bs\u00ed\u010dn\u00edm pobytu u mo\u0159e,\u201c rad\u00ed\u00a0Gackov\u00e1. <\/p> \n","protected":false},"excerpt":{"rendered":" <p> Asi m\u00e1lokdo by se t\u011b\u0161il na nadch\u00e1zej\u00edc\u00ed letn\u00ed m\u011bs\u00edce pouze z d\u016fvodu nov\u011b p\u0159\u00edchoz\u00edch vlasov\u00fdch trend\u016f, navzdory tomu jsou i tac\u00ed, kte\u0159\u00ed si bez novinek p\u0159ehl\u00eddkov\u00fdch mol neum\u00ed \u017e\u00e1dn\u00e9 ro\u010dn\u00ed obdob\u00ed p\u0159edstavit. A\u0165 u\u017e mezi m\u00f3dn\u00ed nad\u0161ence spad\u00e1te, \u010di v\u00e1s tento pr\u016fmysl nech\u00e1v\u00e1 zcela chladn\u00fdmi, nechte se\u00a0p\u0159eci jen\u00a0pohltit v\u016fn\u00ed l\u00e9ta a inspirujte se \u00fa\u010desy pln\u00fdmi &hellip; <\/p> \n","protected":false},"author":24,"featured_media":6136,"comment_status":"closed","ping_status":"closed","sticky":false,"template":"","format":"standard","meta":[],"categories":[87],"tags":[],"table_tags":[],"_links":{"self":[{"href":"https:\/\/www.yellobar.com\/blog\/wp-json\/wp\/v2\/posts\/6135"}],"collection":[{"href":"https:\/\/www.yellobar.com\/blog\/wp-json\/wp\/v2\/posts"}],"about":[{"href":"https:\/\/www.yellobar.com\/blog\/wp-json\/wp\/v2\/types\/post"}],"author":[{"embeddable":true,"href":"https:\/\/www.yellobar.com\/blog\/wp-json\/wp\/v2\/users\/24"}],"replies":[{"embeddable":true,"href":"https:\/\/www.yellobar.com\/blog\/wp-json\/wp\/v2\/comments?post=6135"}],"version-history":[{"count":2,"href":"https:\/\/www.yellobar.com\/blog\/wp-json\/wp\/v2\/posts\/6135\/revisions"}],"predecessor-version":[{"id":6142,"href":"https:\/\/www.yellobar.com\/blog\/wp-json\/wp\/v2\/posts\/6135\/revisions\/6142"}],"wp:featuredmedia":[{"embeddable":true,"href":"https:\/\/www.yellobar.com\/blog\/wp-json\/wp\/v2\/media\/6136"}],"wp:attachment":[{"href":"https:\/\/www.yellobar.com\/blog\/wp-json\/wp\/v2\/media?parent=6135"}],"wp:term":[{"taxonomy":"category","embeddable":true,"href":"https:\/\/www.yellobar.com\/blog\/wp-json\/wp\/v2\/categories?post=6135"},{"taxonomy":"post_tag","embeddable":true,"href":"https:\/\/www.yellobar.com\/blog\/wp-json\/wp\/v2\/tags?post=6135"},{"taxonomy":"table_tags","embeddable":true,"href":"https:\/\/www.yellobar.com\/blog\/wp-json\/wp\/v2\/table_tags?post=6135"}],"curies":[{"name":"wp","href":"https:\/\/api.w.org\/{rel}","templated":true}]}}