{"id":6147,"date":"2018-06-25T14:45:00","date_gmt":"2018-06-25T14:45:00","guid":{"rendered":"https:\/\/www.yellobar.com\/blog\/?p=6147"},"modified":"2018-06-26T08:05:19","modified_gmt":"2018-06-26T08:05:19","slug":"letni-vlasova-skola-jak-chranit-vlasy-pred-nicivymi-ucinky-leta","status":"publish","type":"post","link":"https:\/\/www.yellobar.com\/blog\/letni-vlasova-skola-jak-chranit-vlasy-pred-nicivymi-ucinky-leta\/","title":{"rendered":"Letn\u00ed vlasov\u00e1 \u0161kola. Jak chr\u00e1nit vlasy p\u0159ed ni\u010div\u00fdmi \u00fa\u010dinky l\u00e9ta?"},"content":{"rendered":" <p> <strong>Hork\u00e9 letn\u00ed dny dok\u00e1\u017eou v\u00a0kombinaci se slanou vodou \u010di chlorem ud\u011blat z\u00a0jinak kr\u00e1sn\u00fdch a zdrav\u00fdch vlas\u016f nepoddajnou zm\u011b\u0165 vysu\u0161en\u00fdch pramen\u016f. Plat\u00ed, \u017ee v\u017edy je lep\u0161\u00ed b\u00fdt p\u0159ipraven a vsadit na prevenci, ne\u017e se sna\u017eit nap\u00e1chan\u00e9 \u0161kody napravit. Nic ale nen\u00ed ztraceno ani v\u00a0p\u0159\u00edpad\u011b, kdy se u\u017e l\u00e9to na va\u0161\u00ed k\u0161tici viditeln\u011b podepsalo. Vybavte se spr\u00e1vnou p\u00e9\u010d\u00ed na m\u00edru a navra\u0165te vlas\u016fm p\u016fvodn\u00ed pru\u017enost, lesk a s\u00edlu. <\/strong> <\/p> \n <p> S\u00a0n\u00e1stupem tepl\u00fdch m\u011bs\u00edc\u016f si u\u017e\u00edv\u00e1me kr\u00e1sn\u00e9 po\u010das\u00ed a vystavujeme se intenzivn\u00edm slune\u010dn\u00edm paprsk\u016fm, abychom povzbudili mysl a dodali t\u011blu pot\u0159ebnou d\u00e1vku energie. S\u00a0l\u00e9tem je t\u0159eba myslet na kvalitn\u00ed ochranu p\u0159ed nebezpe\u010dn\u00fdm ultrafialov\u00fdm z\u00e1\u0159en\u00edm, kter\u00e9 na\u0161i k\u016f\u017ei i vlasy po\u0161kozuje a zp\u016fsobuje jejich p\u0159ed\u010dasn\u00e9 st\u00e1rnut\u00ed. I na\u0161e h\u0159\u00edva pot\u0159ebuje speci\u00e1ln\u00ed p\u00e9\u010di a ochranu, pokud nechceme m\u00edt s\u00a0p\u0159\u00edchodem podzimu such\u00e9, l\u00e1mav\u00e9 a nepoddajn\u00e9 vlasy bez lesku. <\/p> \n <p> <strong>\u0160etrn\u00e1 z\u00e1kladn\u00ed p\u00e9\u010de bez zat\u011b\u017euj\u00edc\u00edch slo\u017eek<\/strong> <\/p> \n <p> Vlasy, stejn\u011b jako poko\u017eka, sice maj\u00ed vlastn\u00ed obrann\u00e9 mechanismy zaji\u0161\u0165uj\u00edc\u00ed fotoprotekci proti \u0161kodliv\u00e9mu z\u00e1\u0159en\u00ed, p\u0159i nadm\u011brn\u00e9m slun\u011bn\u00ed v\u0161ak u\u017e nedosta\u010duj\u00ed a je pot\u0159eba dodat tyto ochrann\u00e9 prvky spr\u00e1vnou kosmetickou p\u00e9\u010d\u00ed. Letn\u00ed obdob\u00ed je pro h\u0159\u00edvu v\u016fbec nejv\u011bt\u0161\u00ed zat\u011b\u017ek\u00e1vac\u00ed zkou\u0161kou z\u00a0cel\u00e9ho roku. \u201ePobyt na slunci a dlouhodob\u00e9 vystaven\u00ed vysok\u00fdm teplot\u00e1m zp\u016fsobuje zv\u00fd\u0161enou l\u00e1mavost vlas\u016f a t\u0159epen\u00ed kone\u010dk\u016f. T\u00edm, \u017ee se naru\u0161uje povrchov\u00e1 vrstva vlasov\u00e9ho vl\u00e1kna, tzv. kutikula, jsou vlasy k\u0159eh\u010d\u00ed, su\u0161\u0161\u00ed, v\u00edce se l\u00e1mou a vypad\u00e1vaj\u00ed. UVA z\u00e1\u0159en\u00ed pronik\u00e1 dokonce je\u0161t\u011b hloub\u011bji, a\u017e k\u00a0vlasov\u00e9 cibulce, co\u017e u\u017e p\u0159edstavuje z\u00e1sah do genetick\u00e9 \u00farovn\u011b, pokud je vlas ve f\u00e1zi r\u016fstu,\u201c vysv\u011btluje Ren\u00e1ta Gack\u00e1, kade\u0159nick\u00e1 expertka z\u00a0profesion\u00e1ln\u00ed vlasov\u00e9 kosmetiky Nouvelle. <\/p> \n <p> \u201eProto je nezbytn\u00e9 zvl\u00e1\u0161t\u011b v\u00a0l\u00e9t\u011b pou\u017e\u00edvat maxim\u00e1ln\u011b \u0161etrnou kosmetiku, kter\u00e1 vlasy nezat\u00ed\u017e\u00ed nadbytkem chemie, ale naopak jim dod\u00e1 d\u016fle\u017eit\u00e9 stavebn\u00ed l\u00e1tky, jako jsou proteiny a keratin,\u201c rad\u00ed Gack\u00e1 a doporu\u010duje dop\u0159\u00e1vat si b\u011bhem l\u00e9ta pravideln\u011b speci\u00e1ln\u00ed k\u00fary v\u00a0podob\u011b masek, z\u00e1bal\u016f a kondicion\u00e9ru, aby byla povrchov\u00e1 struktura vlasu chr\u00e1n\u011bna. Posiluj\u00edc\u00ed proteinov\u00e9 slo\u017eky, keratin a v\u00fdta\u017eek z\u00a0chmele ot\u00e1\u010div\u00e9ho obsahuje ucelen\u00e1 \u0159ada intenzivn\u011b regenera\u010dn\u00ed p\u00e9\u010de pro such\u00e9, po\u0161kozen\u00e9 vlasy Double Effect. \u0160etrn\u011b vlas \u010dist\u00ed a zbyte\u010dn\u011b ho nezat\u011b\u017euje. <\/p> \n <p> <strong>Vlasov\u00e1 slune\u010dn\u00ed kosmetika nen\u00ed zbyte\u010dn\u00fd luxus<\/strong> <\/p> \n <p> Dnes u\u017e jsou b\u011b\u017en\u011b k\u00a0dost\u00e1n\u00ed speci\u00e1ln\u00ed \u201esun\u201c p\u0159\u00edpravky s\u00a0pe\u010duj\u00edc\u00edmi slo\u017ekami a obsahem UV filtr\u016f. Dok\u00e1\u017e\u00ed vlasy dob\u0159e ochr\u00e1nit, vym\u00fdvaj\u00ed chlor, slanou vodu, prach a dal\u0161\u00ed ne\u010distoty, a nav\u00edc intenzivn\u011b regeneruj\u00ed a posiluj\u00ed. M\u016f\u017eete je pou\u017e\u00edvat nap\u0159\u00edklad ve form\u011b vlasov\u00fdch sprej\u016f kdykoli p\u0159es den pro aktivn\u00ed ochranu proti UVA i UVB z\u00e1\u0159en\u00ed a po\u0159\u00eddit si k\u00a0nim i n\u00e1slednou p\u00e9\u010di pro vlasy nam\u00e1han\u00e9 slune\u010dn\u00edm z\u00e1\u0159en\u00edm. Vlasy je tak\u00e9 pot\u0159eba p\u0159ed negativn\u00edm dopadem slune\u010dn\u00edho z\u00e1\u0159en\u00ed chr\u00e1nit mechanicky pomoc\u00ed klobouk\u016f, k\u0161iltovek a dal\u0161\u00edch pokr\u00fdvek hlavy. V\u017edy, kdy\u017e budete chytat bronz, schovejte hlavu alespo\u0148 do polost\u00ednu nebo ji p\u0159ikryjte ru\u010dn\u00edkem. <\/p> \n <p> P\u0159es l\u00e9to tak\u00e9 omezte obvykl\u00e9 zkr\u00e1\u0161lovac\u00ed procedury na b\u00e1zi chemick\u00e9ho barven\u00ed \u010di zesv\u011btlov\u00e1n\u00ed, kter\u00e9 by u\u017e tak t\u011b\u017ece zkou\u0161en\u00fdm vlas\u016fm mohly zasadit p\u0159\u00edslove\u010dnou posledn\u00ed r\u00e1nu. M\u00edsto klasick\u00e9 permanentn\u00ed barvy si s\u00a0nadch\u00e1zej\u00edc\u00edm l\u00e9tem dop\u0159ejte t\u0159eba r\u016fzn\u011b barevn\u00e9 p\u0159elivy. Snadno se sm\u00fdvaj\u00ed a nezasahuj\u00ed do vnit\u0159n\u00ed struktury vlasu, proto se nemus\u00edte ob\u00e1vat jejich po\u0161kozen\u00ed a zhor\u0161en\u00e9 kvality. <\/p> \n","protected":false},"excerpt":{"rendered":" <p> Hork\u00e9 letn\u00ed dny dok\u00e1\u017eou v\u00a0kombinaci se slanou vodou \u010di chlorem ud\u011blat z\u00a0jinak kr\u00e1sn\u00fdch a zdrav\u00fdch vlas\u016f nepoddajnou zm\u011b\u0165 vysu\u0161en\u00fdch pramen\u016f. Plat\u00ed, \u017ee v\u017edy je lep\u0161\u00ed b\u00fdt p\u0159ipraven a vsadit na prevenci, ne\u017e se sna\u017eit nap\u00e1chan\u00e9 \u0161kody napravit. Nic ale nen\u00ed ztraceno ani v\u00a0p\u0159\u00edpad\u011b, kdy se u\u017e l\u00e9to na va\u0161\u00ed k\u0161tici viditeln\u011b podepsalo. Vybavte se spr\u00e1vnou &hellip; <\/p> \n","protected":false},"author":24,"featured_media":6148,"comment_status":"closed","ping_status":"closed","sticky":false,"template":"","format":"standard","meta":[],"categories":[87],"tags":[],"table_tags":[],"_links":{"self":[{"href":"https:\/\/www.yellobar.com\/blog\/wp-json\/wp\/v2\/posts\/6147"}],"collection":[{"href":"https:\/\/www.yellobar.com\/blog\/wp-json\/wp\/v2\/posts"}],"about":[{"href":"https:\/\/www.yellobar.com\/blog\/wp-json\/wp\/v2\/types\/post"}],"author":[{"embeddable":true,"href":"https:\/\/www.yellobar.com\/blog\/wp-json\/wp\/v2\/users\/24"}],"replies":[{"embeddable":true,"href":"https:\/\/www.yellobar.com\/blog\/wp-json\/wp\/v2\/comments?post=6147"}],"version-history":[{"count":1,"href":"https:\/\/www.yellobar.com\/blog\/wp-json\/wp\/v2\/posts\/6147\/revisions"}],"predecessor-version":[{"id":6149,"href":"https:\/\/www.yellobar.com\/blog\/wp-json\/wp\/v2\/posts\/6147\/revisions\/6149"}],"wp:featuredmedia":[{"embeddable":true,"href":"https:\/\/www.yellobar.com\/blog\/wp-json\/wp\/v2\/media\/6148"}],"wp:attachment":[{"href":"https:\/\/www.yellobar.com\/blog\/wp-json\/wp\/v2\/media?parent=6147"}],"wp:term":[{"taxonomy":"category","embeddable":true,"href":"https:\/\/www.yellobar.com\/blog\/wp-json\/wp\/v2\/categories?post=6147"},{"taxonomy":"post_tag","embeddable":true,"href":"https:\/\/www.yellobar.com\/blog\/wp-json\/wp\/v2\/tags?post=6147"},{"taxonomy":"table_tags","embeddable":true,"href":"https:\/\/www.yellobar.com\/blog\/wp-json\/wp\/v2\/table_tags?post=6147"}],"curies":[{"name":"wp","href":"https:\/\/api.w.org\/{rel}","templated":true}]}}