{"id":6156,"date":"2018-07-02T14:52:17","date_gmt":"2018-07-02T14:52:17","guid":{"rendered":"https:\/\/www.yellobar.com\/blog\/?p=6156"},"modified":"2018-07-11T12:57:28","modified_gmt":"2018-07-11T12:57:28","slug":"nejcastejsi-problemy-s-vlasy-jak-jim-lze-predchazet","status":"publish","type":"post","link":"https:\/\/www.yellobar.com\/blog\/nejcastejsi-problemy-s-vlasy-jak-jim-lze-predchazet\/","title":{"rendered":"Nej\u010dast\u011bj\u0161\u00ed probl\u00e9my s vlasy: Jak jim lze p\u0159edch\u00e1zet?"},"content":{"rendered":" <p> <strong>\u0158\u00edk\u00e1 se, \u017ee vlasy jsou na\u0161\u00ed vizitkou a odrazem toho, jak o sebe db\u00e1me a pe\u010dujeme.\u00a0 Tak\u00e9 jsou ov\u0161em zrcadlem na\u0161eho zdravotn\u00edho a psychick\u00e9ho stavu. Jak\u00e9 jsou ale nej\u010dast\u011bj\u0161\u00ed probl\u00e9my s\u00a0vlasy a jak jim m\u016f\u017eeme p\u0159edch\u00e1zet?<\/strong> <\/p> \n<h3>Pol\u00e1man\u00e9 vlasy bez \u017eivota<\/h3>\n <p> \u010cast\u00e9 barven\u00ed, odbarvov\u00e1n\u00ed, f\u00e9nov\u00e1n\u00ed, \u017eehlen\u00ed \u010di trval\u00e1 maj\u00ed d\u0159\u00edve nebo pozd\u011bji za n\u00e1sledek poni\u010den\u00e9 a pol\u00e1man\u00e9 vlasy. V\u00a0takov\u00e9m p\u0159\u00edpad\u011b je t\u0159eba si uv\u011bdomit, zda n\u00e1m v\u0161echny experimenty za to opravdu stoj\u00ed. Barvy na vlasy se v\u017edy daj\u00ed nahradit hennou nebo je jim nutn\u00e9 d\u00e1t speci\u00e1ln\u00ed p\u00e9\u010di a vyb\u00edrat vlasovou kosmetiku zam\u011b\u0159enou na barven\u00e9 vlasy. \u201eOsob\u00e1m s\u00a0pravideln\u011b barven\u00fdmi vlasy bych doporu\u010dila \u0159adu Color Glow, kter\u00e1 je speci\u00e1ln\u011b vyvinuta tak, aby zachov\u00e1vala odst\u00edn a lesk barvy a z\u00e1rove\u0148 je jemn\u011b \u010distila. Co se t\u00fd\u010de samotn\u00e9ho barven\u00ed, je v\u017edy lep\u0161\u00ed chodit do salonu, kde jsou pou\u017e\u00edv\u00e1ny kvalitn\u00ed barvy na vlasy, ne\u017e experimentovat doma,\u201c \u0159\u00edk\u00e1 vlasov\u00e1 expertka Ren\u00e1ta Gackov\u00e1. Pokud denn\u011b f\u00e9nujeme a \u017eehl\u00edme, nen\u00ed od v\u011bci v\u00a0drogerii po\u0159\u00eddit s\u00e9rum na ochranu vlas\u016f p\u0159ed vysok\u00fdmi teplotami nebo alespo\u0148 nenastavovat nejvy\u0161\u0161\u00ed teplotu a jednou za \u010das vlas\u016fm ulevit a nechat je uschnout tak, jak jsou. <\/p> \n<h3>Mastn\u00e9 vlasy<\/h3>\n <p> Rychle se mast\u00edc\u00ed vlasy tr\u00e1p\u00ed obrovsk\u00e9 procento \u017eensk\u00e9 i mu\u017esk\u00e9 populace. Mnohdy za nimi v\u0161ak stoj\u00ed pouze nespr\u00e1vn\u00e1 \u017eivotospr\u00e1va \u010di nevhodn\u00e1 kosmetika. Oboje se p\u0159itom d\u00e1 vcelku lehce napravit. \u201e\u017deny i mu\u017ei s\u00a0rychle se mast\u00edc\u00edmi vlasy maj\u00ed v\u011bt\u0161inou obavy, \u017ee ka\u017edodenn\u00edm myt\u00edm, kter\u00e9 tato lap\u00e1lie vy\u017eaduje, vlasy ni\u010d\u00ed. Ocitaj\u00ed se tak v\u00a0uzav\u0159en\u00e9m kruhu, ze kter\u00e9ho nen\u00ed \u00faniku. Bu\u010f budou m\u00edt vlasy mastn\u00e9, nebo naopak zni\u010den\u00e9 a vysu\u0161en\u00e9. To ov\u0161em nen\u00ed nezbytn\u011b pravda, sta\u010d\u00ed zvolit vhodnou vlasovou kosmetiku. Takovou, kter\u00e1 vlasy \u0161etrn\u011b myje, pln\u011b respektuje p\u0159irozenou rovnov\u00e1hy poko\u017eky hlavy a vlasy z\u00e1rove\u0148 hydratuje. Z\u00e1kazn\u00edk\u016fm doporu\u010duji \u0159adu Every day vlasov\u00e9 kosmetiky Nouvelle, kter\u00e1 je vhodn\u00e1 pro citlivou ple\u0165, p\u016fsob\u00ed antibakteri\u00e1ln\u011b a o vlasy pe\u010duje,\u201c dod\u00e1v\u00e1 Gackov\u00e1. Spolu s\u00a0ka\u017edodenn\u00edm myt\u00edm je t\u0159eba myslet i na speci\u00e1ln\u00ed v\u00fd\u017eivu, kterou bychom vlas\u016fm m\u011bli dop\u0159\u00e1t. Samoz\u0159ejmost\u00ed jsou hydrata\u010dn\u00ed masky a v\u00fd\u017eivn\u00e9 oleje, kter\u00e9 nan\u00e1\u0161\u00edme pouze na spodn\u00ed polovinu vlas\u016f, abychom zbyte\u010dn\u011b nedr\u00e1\u017edili vlasovou poko\u017eku. <\/p> \n<h3>Rozt\u0159epen\u00e9 kone\u010dky<\/h3>\n <p> Rozt\u0159epen\u00e9 kone\u010dky v\u011bt\u0161inou vznikaj\u00ed v\u00a0d\u016fsledku dvou v\u011bc\u00ed. Jedna z\u00a0nich je ji\u017e zmi\u0148ovan\u00e9 pou\u017e\u00edv\u00e1n\u00ed \u017eehli\u010dek na vlasy bez o\u0161et\u0159en\u00ed ochrann\u00fdmi oleji. A ta druh\u00e1 nepravideln\u00e1 n\u00e1v\u0161t\u011bva kade\u0159nice. Vlasy bychom m\u011bli zast\u0159ihovat alespo\u0148 jednou za cca \u0161est t\u00fddn\u016f. Bez tohoto z\u00e1kroku nikdy nedos\u00e1hneme kr\u00e1sn\u00e9, zdrav\u00e9 a hust\u00e9 k\u0161tice, po kter\u00e9 tolik tou\u017e\u00edme. Jako ve v\u0161em, i zde v\u0161ak hraje roli skladba na\u0161eho j\u00eddeln\u00ed\u010dku. Do n\u011bj je t\u0159eba za\u0159adit v\u011bt\u0161\u00ed mno\u017estv\u00ed lu\u0161t\u011bnin, ryb, o\u0159ech\u016f a samoz\u0159ejm\u011b zeleniny. <\/p> \n","protected":false},"excerpt":{"rendered":" <p> \u0158\u00edk\u00e1 se, \u017ee vlasy jsou na\u0161\u00ed vizitkou a odrazem toho, jak o sebe db\u00e1me a pe\u010dujeme.\u00a0 Tak\u00e9 jsou ov\u0161em zrcadlem na\u0161eho zdravotn\u00edho a psychick\u00e9ho stavu. Jak\u00e9 jsou ale nej\u010dast\u011bj\u0161\u00ed probl\u00e9my s\u00a0vlasy a jak jim m\u016f\u017eeme p\u0159edch\u00e1zet? Pol\u00e1man\u00e9 vlasy bez \u017eivota \u010cast\u00e9 barven\u00ed, odbarvov\u00e1n\u00ed, f\u00e9nov\u00e1n\u00ed, \u017eehlen\u00ed \u010di trval\u00e1 maj\u00ed d\u0159\u00edve nebo pozd\u011bji za n\u00e1sledek poni\u010den\u00e9 a &hellip; <\/p> \n","protected":false},"author":24,"featured_media":6157,"comment_status":"closed","ping_status":"closed","sticky":false,"template":"","format":"standard","meta":[],"categories":[87],"tags":[],"table_tags":[],"_links":{"self":[{"href":"https:\/\/www.yellobar.com\/blog\/wp-json\/wp\/v2\/posts\/6156"}],"collection":[{"href":"https:\/\/www.yellobar.com\/blog\/wp-json\/wp\/v2\/posts"}],"about":[{"href":"https:\/\/www.yellobar.com\/blog\/wp-json\/wp\/v2\/types\/post"}],"author":[{"embeddable":true,"href":"https:\/\/www.yellobar.com\/blog\/wp-json\/wp\/v2\/users\/24"}],"replies":[{"embeddable":true,"href":"https:\/\/www.yellobar.com\/blog\/wp-json\/wp\/v2\/comments?post=6156"}],"version-history":[{"count":1,"href":"https:\/\/www.yellobar.com\/blog\/wp-json\/wp\/v2\/posts\/6156\/revisions"}],"predecessor-version":[{"id":6158,"href":"https:\/\/www.yellobar.com\/blog\/wp-json\/wp\/v2\/posts\/6156\/revisions\/6158"}],"wp:featuredmedia":[{"embeddable":true,"href":"https:\/\/www.yellobar.com\/blog\/wp-json\/wp\/v2\/media\/6157"}],"wp:attachment":[{"href":"https:\/\/www.yellobar.com\/blog\/wp-json\/wp\/v2\/media?parent=6156"}],"wp:term":[{"taxonomy":"category","embeddable":true,"href":"https:\/\/www.yellobar.com\/blog\/wp-json\/wp\/v2\/categories?post=6156"},{"taxonomy":"post_tag","embeddable":true,"href":"https:\/\/www.yellobar.com\/blog\/wp-json\/wp\/v2\/tags?post=6156"},{"taxonomy":"table_tags","embeddable":true,"href":"https:\/\/www.yellobar.com\/blog\/wp-json\/wp\/v2\/table_tags?post=6156"}],"curies":[{"name":"wp","href":"https:\/\/api.w.org\/{rel}","templated":true}]}}